{"id":2718,"date":"2026-08-31T10:23:37","date_gmt":"2026-08-31T16:23:37","guid":{"rendered":"https:\/\/creart306.com\/?p=2718"},"modified":"2026-08-31T10:26:03","modified_gmt":"2026-08-31T16:26:03","slug":"provial-reporta-hasta-10-bloqueos-en-rutas-estrategicas-por-protestas-contra-el-alza-de-combustibles","status":"publish","type":"post","link":"https:\/\/creart306.com\/?p=2718","title":{"rendered":"Provial reporta hasta 10 bloqueos en rutas estrat\u00e9gicas por protestas contra el alza de combustibles"},"content":{"rendered":"<p>&nbsp;<\/p>\n<div id=\"attachment_2719\" style=\"width: 307px\" class=\"wp-caption alignnone\"><img loading=\"lazy\" decoding=\"async\" aria-describedby=\"caption-attachment-2719\" class=\" wp-image-2719\" src=\"https:\/\/creart306.com\/wp-content\/uploads\/2026\/08\/5SuYZ-300x201.jpg\" alt=\"\" width=\"297\" height=\"199\" srcset=\"https:\/\/creart306.com\/wp-content\/uploads\/2026\/08\/5SuYZ-300x201.jpg 300w, https:\/\/creart306.com\/wp-content\/uploads\/2026\/08\/5SuYZ-1024x687.jpg 1024w, https:\/\/creart306.com\/wp-content\/uploads\/2026\/08\/5SuYZ-768x516.jpg 768w, https:\/\/creart306.com\/wp-content\/uploads\/2026\/08\/5SuYZ.jpg 1168w\" sizes=\"auto, (max-width: 297px) 100vw, 297px\" \/><p id=\"caption-attachment-2719\" class=\"wp-caption-text\">Transportistas y grupos sociales cierran tramos de la Interamericana, la CA-2 Occidente y v\u00edas de Pet\u00e9n. El sector privado estima p\u00e9rdidas de Q217.59 por cada persona econ\u00f3micamente activa en un solo d\u00eda de paralizaci\u00f3n.<br \/>Guatemala enfrenta este lunes una nueva jornada de manifestaciones en carreteras principales, motivada por el incremento en el precio de los combustibles, en especial el di\u00e9sel. La Direcci\u00f3n General de Protecci\u00f3n y Seguridad Vial (Provial) report\u00f3 durante la ma\u00f1ana entre ocho y diez puntos con paso interrumpido en ambos sentidos.<br \/>Los inconformes colocaron palos, ramas, mototaxis y veh\u00edculos para impedir la circulaci\u00f3n. Las movilizaciones hab\u00edan sido anunciadas desde el fin de semana. Tambi\u00e9n se preve\u00eda un plant\u00f3n de transportistas frente al Congreso de la Rep\u00fablica.<br \/>Rutas afectadas (reporte de la ma\u00f1ana)<br \/><strong>Ruta Interamericana (CA-1)<\/strong><br \/>Km 88, Tecp\u00e1n Guatemala, Chimaltenango<br \/>Km 117, Las Trampas, Chichicastenango, Quich\u00e9<br \/>Km 129, Los Encuentros, Solol\u00e1<br \/>Km 178, Nahual\u00e1, Solol\u00e1<br \/>Km 191, San Francisco El Alto, Totonicap\u00e1n<br \/><strong>Ruta al Suroccidente (CA-2)<\/strong><br \/>Km 125, ingreso a R\u00edo Bravo, Suchitep\u00e9quez<br \/>Km 247, Crucero de La Virgen, Pajapita, San Marcos<br \/>Km 278, frontera El Carmen, San Marcos<br \/><strong>Otras v\u00edas<\/strong><br \/>Km 188, San Crist\u00f3bal Totonicap\u00e1n (RN-01, sector La Morer\u00eda)<br \/>Km 212, San Juan Ostuncalco, Quetzaltenango<br \/>Km 376, Las Pozas, Sayaxch\u00e9, Pet\u00e9n<br \/>Km 445, La Libertad, Pet\u00e9n<br \/>Ingreso a la zona central de Pet\u00e9n, frente al Aeropuerto Mundo Maya, Santa Elena, Flores<br \/>La Direcci\u00f3n General de Aeron\u00e1utica Civil indic\u00f3 que las operaciones a\u00e9reas en Mundo Maya se mantienen, pero pidi\u00f3 a los pasajeros anticipar su llegada porque el acceso vehicular estaba bloqueado.<br \/>El reclamo: di\u00e9sel caro y un subsidio sin aprobar<br \/>Las protestas se centran en el valor del di\u00e9sel, que ha alcanzado niveles hist\u00f3ricos por gal\u00f3n y encarece el transporte de carga, el pasaje y la canasta b\u00e1sica. El presidente Bernardo Ar\u00e9valo envi\u00f3 al Congreso la iniciativa 6801, un segundo subsidio temporal a los combustibles, el 24 de julio. Hasta ahora no ha tenido respuesta. El Legislativo tambi\u00e9n analiza un fondo de compensaci\u00f3n para fijar un precio tope. El ministro de Energ\u00eda y Minas, Erwin Barrios, calific\u00f3 esa v\u00eda como positiva ante las variaciones del mercado internacional.<br \/>El costo econ\u00f3mico<br \/>La C\u00e1mara de Industria de Guatemala (CIG) rechaz\u00f3 las medidas de hecho. Seg\u00fan el Observatorio de Pol\u00edticas Industriales de esa gremial, un solo d\u00eda de bloqueos representa una p\u00e9rdida estimada de Q217.59 por cada guatemalteco econ\u00f3micamente activo.<br \/>\u201cParalizar la productividad no reduce el precio de los combustibles; por el contrario, incrementa los costos para toda la econom\u00eda\u201d, se\u00f1al\u00f3 la CIG. Camagro advirti\u00f3 que los cierres ponen en riesgo el abastecimiento de alimentos e insumos y la seguridad alimentaria.<br \/>No es un episodio aislado. Durante la gesti\u00f3n de Ar\u00e9valo se han registrado jornadas similares en marzo, abril y julio de 2026, tambi\u00e9n ligadas al combustible, a demandas sociales y a conflictos sectoriales.<br \/>Recomendaciones de tr\u00e1nsito<br \/>Provial pide a conductores verificar el estado de su ruta antes de salir y usar alternativas cuando sea posible.<br \/>Mapa en vivo: <a href=\"https:\/\/provial.gob.gt\/mapa\" target=\"_blank\" rel=\"noopener noreferrer nofollow\">https:\/\/provial.gob.gt\/mapa<\/a><br \/>Listado de bloqueos: <a href=\"https:\/\/provial.gob.gt\/bloqueos\" target=\"_blank\" rel=\"noopener noreferrer nofollow\">https:\/\/provial.gob.gt\/bloqueos<\/a><br \/>Emergencias en carretera: <strong>1520<\/strong><br \/>La situaci\u00f3n es din\u00e1mica: algunos puntos se habilitan y otros se suman a lo largo del d\u00eda.<br \/><strong>Pie de nota<\/strong><br \/>Redacci\u00f3n UV\/22 Noticias \/ Con informaci\u00f3n de Provial, Prensa Libre, C\u00e1mara de Industria de Guatemala y reportes de campo.<br \/>Actualizaci\u00f3n: 31 de agosto de 2026, 10:20 a.m<\/p><\/div>\n","protected":false},"excerpt":{"rendered":"<p>&nbsp;<\/p>\n","protected":false},"author":1,"featured_media":0,"comment_status":"open","ping_status":"open","sticky":false,"template":"","format":"standard","meta":{"footnotes":""},"categories":[24],"tags":[],"class_list":["post-2718","post","type-post","status-publish","format-standard","hentry","category-hoyguate"],"_links":{"self":[{"href":"https:\/\/creart306.com\/index.php?rest_route=\/wp\/v2\/posts\/2718","targetHints":{"allow":["GET"]}}],"collection":[{"href":"https:\/\/creart306.com\/index.php?rest_route=\/wp\/v2\/posts"}],"about":[{"href":"https:\/\/creart306.com\/index.php?rest_route=\/wp\/v2\/types\/post"}],"author":[{"embeddable":true,"href":"https:\/\/creart306.com\/index.php?rest_route=\/wp\/v2\/users\/1"}],"replies":[{"embeddable":true,"href":"https:\/\/creart306.com\/index.php?rest_route=%2Fwp%2Fv2%2Fcomments&post=2718"}],"version-history":[{"count":4,"href":"https:\/\/creart306.com\/index.php?rest_route=\/wp\/v2\/posts\/2718\/revisions"}],"predecessor-version":[{"id":2723,"href":"https:\/\/creart306.com\/index.php?rest_route=\/wp\/v2\/posts\/2718\/revisions\/2723"}],"wp:attachment":[{"href":"https:\/\/creart306.com\/index.php?rest_route=%2Fwp%2Fv2%2Fmedia&parent=2718"}],"wp:term":[{"taxonomy":"category","embeddable":true,"href":"https:\/\/creart306.com\/index.php?rest_route=%2Fwp%2Fv2%2Fcategories&post=2718"},{"taxonomy":"post_tag","embeddable":true,"href":"https:\/\/creart306.com\/index.php?rest_route=%2Fwp%2Fv2%2Ftags&post=2718"}],"curies":[{"name":"wp","href":"https:\/\/api.w.org\/{rel}","templated":true}]}}